{"id":8569,"date":"2022-07-15T09:37:46","date_gmt":"2022-07-15T09:37:46","guid":{"rendered":"https:\/\/green-up.ch\/2022\/07\/15\/moins-cest-plus-en-valais\/"},"modified":"2022-10-25T12:03:47","modified_gmt":"2022-10-25T12:03:47","slug":"moins-cest-plus-en-valais","status":"publish","type":"post","link":"https:\/\/green-up.ch\/fr\/2022\/07\/15\/moins-cest-plus-en-valais\/","title":{"rendered":"Moins c&rsquo;est plus en Valais !"},"content":{"rendered":"<p>[et_pb_section fb_built=\u00a0\u00bb1&Prime; _builder_version=\u00a0\u00bb3.22&Prime; min_height=\u00a0\u00bb954px\u00a0\u00bb custom_padding=\u00a0\u00bb0px|||||\u00a0\u00bb][et_pb_row _builder_version=\u00a0\u00bb3.25&Prime; background_size=\u00a0\u00bbinitial\u00a0\u00bb background_position=\u00a0\u00bbtop_left\u00a0\u00bb background_repeat=\u00a0\u00bbrepeat\u00a0\u00bb min_height=\u00a0\u00bb3345.8px\u00a0\u00bb custom_padding=\u00a0\u00bb7px||0px|||\u00a0\u00bb][et_pb_column type=\u00a0\u00bb4_4&Prime; _builder_version=\u00a0\u00bb3.25&Prime; custom_padding=\u00a0\u00bb|||\u00a0\u00bb custom_padding__hover=\u00a0\u00bb|||\u00a0\u00bb][et_pb_text _builder_version=\u00a0\u00bb4.9.10&Prime; background_size=\u00a0\u00bbinitial\u00a0\u00bb background_position=\u00a0\u00bbtop_left\u00a0\u00bb background_repeat=\u00a0\u00bbrepeat\u00a0\u00bb min_height=\u00a0\u00bb3403.1px\u00a0\u00bb]<b>Innovants, positifs, courts, orient\u00e9s vers l&rsquo;action et destin\u00e9s \u00e0 tous : tels sont les \u00e9v\u00e9nements et projets que GreenUp organise \u00e0 Sion depuis sa cr\u00e9ation en septembre 2021. Notre objectif ? En collaboration avec des partenaires locaux et nationaux, nous voulons encourager les habitants de Sion et du Valais en g\u00e9n\u00e9ral \u00e0 adopter un mode de vie plus durable : le tout en accord avec notre slogan \u00a0\u00bb moins c&rsquo;est plus \u00a0\u00bb !<\/b><\/p>\n<p>&nbsp;<\/p>\n<p><span style=\"font-weight: 400;\">Le Valais est un canton d&rsquo;une beaut\u00e9 ind\u00e9niable, et les gens ont un lien fort avec la nature. Cependant, la durabilit\u00e9 n&rsquo;est pas encore un sujet tr\u00e8s int\u00e9gr\u00e9 dans la vie quotidienne. La conscience des probl\u00e8mes climatiques est l\u00e0, mais beaucoup de gens ne savent pas toujours par o\u00f9 commencer pour mettre en \u0153uvre des changements.\u00a0<\/span><\/p>\n<p><span style=\"font-weight: 400;\">En donnant aux gens des impulsions positives et des occasions d&rsquo;agir, d&rsquo;apprendre et d&rsquo;\u00e9changer des connaissances avec d&rsquo;autres, nous sommes convaincus qu&rsquo;ils prendront la durabilit\u00e9 plus \u00e0 c\u0153ur et la mettront en relation avec leur propre environnement.\u00a0<\/span><\/p>\n<p>&nbsp;<\/p>\n<p><span style=\"font-weight: 400;\">Nous avons d\u00e9j\u00e0 r\u00e9ussi \u00e0 poser de tr\u00e8s bonnes bases avec des \u00e9v\u00e9nements sympas comme une DiscoSoupe (sur le th\u00e8me du gaspillage alimentaire), un PlantSwap (sur le th\u00e8me de la biodiversit\u00e9 et de l&rsquo;\u00e9conomie de partage) et une journ\u00e9e enti\u00e8re comprenant une intervention \u00e0 la radio, une interview t\u00e9l\u00e9vis\u00e9e, une visite dans une \u00e9cole locale et une grande conf\u00e9rence avec J\u00e9r\u00e9mie Pichon le soir (sur le th\u00e8me du z\u00e9ro d\u00e9chet). Nous avons r\u00e9ussi \u00e0 prouver le concept ! Pour le reste de l&rsquo;ann\u00e9e 2022, nous voulons continuer sur la lanc\u00e9e que nous avons cr\u00e9\u00e9e en mettant en place un groupe local de b\u00e9n\u00e9voles, en cr\u00e9ant des partenariats, en testant des ateliers avec des entreprises et bien s\u00fbr&#8230; en organisant plus d&rsquo;\u00e9v\u00e9nements pour les habitants de Sion !\u00a0<\/span><\/p>\n<p><span style=\"font-weight: 400;\">Depuis 2016, nous sommes actifs en Suisse romande, avec un bureau \u00e0 La Chaux-de-Fonds depuis 2018. Maintenant, nous avons \u00e9galement d\u00e9marr\u00e9 \u00e0 Sion en tant que nouveau p\u00f4le d&rsquo;activit\u00e9 !<\/span><\/p>\n<p>&nbsp;<\/p>\n<h1><b>Voyons en d\u00e9tail les 3 \u00e9v\u00e9nements que nous avons organis\u00e9s jusqu&rsquo;\u00e0 aujourd&rsquo;hui \u00e0 Sion :<\/b><\/h1>\n<p>&nbsp;<\/p>\n<p><b>DiscoSoupe &#8211; novembre 2021 (Place de la Planta)\u00a0<\/b><\/p>\n<p><span style=\"font-weight: 400;\">Notre premier \u00e9v\u00e9nement \u00e9tait une DiscoSoupe ! Un \u00e9v\u00e9nement o\u00f9 plus de 50 personnes ont non seulement cuisin\u00e9 ensemble avec des d\u00e9chets alimentaires et appr\u00e9ci\u00e9 la soupe qu&rsquo;ils ont faite ensemble. Mais elles ont \u00e9galement eu l&rsquo;occasion de participer \u00e0 un quiz et d&rsquo;\u00e9changer des conseils et des opinions sur le gaspillage alimentaire. Tout cela a \u00e9t\u00e9 fait en collaboration avec notre partenaire <\/span><b><i>ReCircle <\/i><\/b><span style=\"font-weight: 400;\">pour que les gens puissent s&rsquo;informer sur les bols \u00e0 soupe r\u00e9utilisables et <\/span><b><i>Intchi\u00e8 No<\/i><\/b><span style=\"font-weight: 400;\">, une entreprise locale offrant un lien direct entre producteurs et consommateurs.\u00a0<\/span><\/p>\n<p>&nbsp;<\/p>\n<p><b>Plant Swap &#8211; mai 2022 (Matrioshka Caf\u00e9 Sion)\u00a0<\/b><\/p>\n<p><span style=\"font-weight: 400;\">A la veille de la f\u00eate des m\u00e8res, de nombreux citoyens de Sion et des villages environnants ont \u00e9chang\u00e9 des plantes ou en ont achet\u00e9 une en \u00e9change d&rsquo;un don. Plus de 35 plantes ont \u00e9t\u00e9 \u00e9chang\u00e9es par les propri\u00e9taires et nous avons continuellement donn\u00e9 des conseils et astuces sur le jardinage urbain proche de la nature&#8230; bon pour nous et pour la biodiversit\u00e9 de la plan\u00e8te ! Pour cet \u00e9v\u00e9nement, nous avons cr\u00e9\u00e9 des partenariats avec <\/span><b><i>Zollinger Bio<\/i><\/b><span style=\"font-weight: 400;\"> et <\/span><b><i>Pousse Nature<\/i><\/b><span style=\"font-weight: 400;\">.\u00a0<\/span><\/p>\n<p>&nbsp;<\/p>\n<p><b>Conf\u00e9rences \u00ab\u00a0z\u00e9ro d\u00e9chet\u201d &#8211; juin 2022 (Energypolis, HES)<\/b><\/p>\n<p><span style=\"font-weight: 400;\">Avec des sponsors tels que <\/span><b><i>Novelis<\/i><\/b><span style=\"font-weight: 400;\">, <\/span><b><i>Oiken<\/i><\/b><span style=\"font-weight: 400;\">, et <\/span><b><i>Hydro Explotation<\/i><\/b><span style=\"font-weight: 400;\"> mais aussi les vignerons locaux comme <\/span><b><i>Colline de Daval<\/i><\/b><span style=\"font-weight: 400;\">, le magasin de fruits local <\/span><b><i>BioFruits<\/i><\/b><span style=\"font-weight: 400;\">, les guerriers locaux du gaspillage alimentaire <\/span><b><i>Intchi\u00e8 No<\/i><\/b><span style=\"font-weight: 400;\"> et le magasin z\u00e9ro d\u00e9chet <\/span><b><i>Chez Mamie<\/i><\/b><span style=\"font-weight: 400;\">, GreenUp &#8211; soutenu par l&rsquo;association \u00e9tudiante <\/span><b><i>Utopia <\/i><\/b><span style=\"font-weight: 400;\">et <\/span><b><i>Zero Waste Switzerland<\/i><\/b><span style=\"font-weight: 400;\"> &#8211; a accueilli le family man z\u00e9ro d\u00e9chet \u00ab\u00a0Jeremy Pichon\u00a0\u00bb qui a inspir\u00e9 plus d&rsquo;une centaine de personnes, des enfants de 4 ans dans une \u00e9cole aux adultes dans la soir\u00e9e pour permettre aux gens d&rsquo;apprendre et d&rsquo;interagir, mais aussi d&rsquo;agir. Nous avons \u00e9galement organis\u00e9 un quiz \u00ab\u00a0<\/span><b><i>Climate Fresk<\/i><\/b><span style=\"font-weight: 400;\">\u00ab\u00a0, des personnes de Chez Mamie ont apport\u00e9 des produits pour un mode de vie avec un minimum de d\u00e9chets et ensuite les gens ont pu \u00e9changer des points de vue et des opinions tout en d\u00e9gustant une petite boisson.<\/span><\/p>\n<p>&nbsp;<\/p>\n<h1><b>\u00c9v\u00e9nements \u00e0 venir \u00e0 Sion :<\/b><\/h1>\n<p><span style=\"font-weight: 400;\">Pour la deuxi\u00e8me moiti\u00e9 de 2022, nous pr\u00e9voyons deux projets\/\u00e9v\u00e9nements vraiment sympas \u00e0 Sion, qui sont ouverts et promus \u00e9galement dans les environs.<\/span><\/p>\n<p>&nbsp;<\/p>\n<p><b>DiscoFruits &#8211; Automne 2022:\u00a0<\/b><\/p>\n<p><span style=\"font-weight: 400;\">\u00c0 l&rsquo;instar de l&rsquo;\u00e9v\u00e9nement DiscoSoupe de 2021, nous pr\u00e9voyons un DiscoFruits, qui consistera \u00e0 pr\u00e9parer ensemble des smoothies \u00e0 partir de fruits et de l\u00e9gumes d&rsquo;\u00e9t\u00e9 autrement gaspill\u00e9s.\u00a0<\/span><\/p>\n<p><span style=\"font-weight: 400;\">Cette fois, nous pr\u00e9voyons d&rsquo;organiser un VeloSmoothie, qui sera certainement tr\u00e8s suivi, et nous pr\u00e9voyons de travailler avec plusieurs producteurs de vin qui ont encore du raisin en \u00e9t\u00e9 et des producteurs de p\u00eaches \u00e0 proximit\u00e9.\u00a0<\/span><\/p>\n<p><span style=\"font-weight: 400;\">Partenaires : <\/span><b><i>Intchi\u00e8 No<\/i><\/b><span style=\"font-weight: 400;\">, Vignerons du Valais, Divers autres (\u00e0 d\u00e9finir).\u00a0<\/span><\/p>\n<p>&nbsp;<\/p>\n<p><b>\u00c0 d\u00e9terminer &#8211; Hiver 2022\/23:<\/b><\/p>\n<p><span style=\"font-weight: 400;\">Apr\u00e8s environ plus d&rsquo;une ann\u00e9e d&rsquo;activit\u00e9s \u00e0 Sion, au cours de laquelle nous aurons beaucoup interagi avec la population locale, nous saurons quels sujets suscitent l&rsquo;int\u00e9r\u00eat et conviendraient \u00e0 notre dernier \u00e9v\u00e9nement de l&rsquo;ann\u00e9e. Il pourrait s&rsquo;agir de quelque chose autour de la mobilit\u00e9, comme cela a \u00e9t\u00e9 parfois mentionn\u00e9 dans certains des \u00e9changes, mais nous voulons garder la question ouverte et voir quels besoins \u00e9mergent au cours des deux prochains \u00e9v\u00e9nements.\u00a0<\/span><\/p>\n<p>&nbsp;<\/p>\n<p><span style=\"font-weight: 400;\">Nous aimerions renforcer les capacit\u00e9s et tester les ateliers de durabilit\u00e9 GreenUp avec les entreprises et organisations valaisannes pour leurs employ\u00e9s. En outre, nous envisageons de collaborer avec des initiatives durables locales afin de renforcer leur impact \u00e0 l&rsquo;\u00e9chelle r\u00e9gionale.\u00a0\u00a0<\/span><\/p>\n<p>&nbsp;<\/p>\n<p><span style=\"font-weight: 400;\">L&rsquo;\u00e9quipe de base de la section de Sion se compose de <\/span><b>deux responsables d&rsquo;\u00e9quipe locale<\/b><span style=\"font-weight: 400;\">, Ana\u00efs et Sofia, qui sont originaires du Valais et qui ont toutes deux le c\u0153ur \u00e0 l&rsquo;ouvrage. Elles comprennent comment les gens travaillent et comment organiser au mieux des \u00e9v\u00e9nements pour en faire un succ\u00e8s. De plus, elles sont soutenues par un petit groupe de <\/span><b>volontaires <\/b><span style=\"font-weight: 400;\">engag\u00e9s et passionn\u00e9s, qui veulent partager leur exp\u00e9rience d&rsquo;un mode de vie plus simple lors de nos \u00e9v\u00e9nements, et nous aider dans l&rsquo;organisation, la promotion et le suivi ! Si tu habites en Valais et que tu souhaites t&rsquo;impliquer, n&rsquo;h\u00e9site pas \u00e0 nous contacter \u00e0 l&rsquo;adresse sion@green-up.ch, nous serons ravis d&rsquo;entrer en contact avec toi !\u00a0<\/span><\/p>\n<p>&nbsp;<\/p>\n<p><span style=\"font-weight: 400;\">Enfin, pour mener \u00e0 bien les \u00e9v\u00e9nements et les projets que nous planifions, nous avons \u00e9galement besoin de partenaires fiables qui agissent pour un avenir meilleur.\u00a0<\/span>[\/et_pb_text][\/et_pb_column][\/et_pb_row][\/et_pb_section]<\/p>\n","protected":false},"excerpt":{"rendered":"<p>Innovants, positifs, courts, orient\u00e9s vers l&rsquo;action et destin\u00e9s \u00e0 tous : tels sont les \u00e9v\u00e9nements et projets que GreenUp organise \u00e0 Sion depuis sa cr\u00e9ation en septembre 2021. Notre objectif [&hellip;]<\/p>\n","protected":false},"author":2,"featured_media":8520,"comment_status":"open","ping_status":"open","sticky":false,"template":"","format":"standard","meta":{"_et_pb_use_builder":"on","_et_pb_old_content":"","_et_gb_content_width":"","footnotes":""},"categories":[119],"tags":[184,189,188,185],"class_list":["post-8569","post","type-post","status-publish","format-standard","has-post-thumbnail","hentry","category-general-fr","tag-circular-economy-fr","tag-circularity-fr","tag-environmental-fr","tag-frugality-fr"],"yoast_head":"<!-- This site is optimized with the Yoast SEO plugin v27.5 - https:\/\/yoast.com\/product\/yoast-seo-wordpress\/ -->\n<title>Moins c&#039;est plus en Valais ! | Green Up<\/title>\n<meta name=\"description\" content=\"Innovative, positive, short, action-oriented and for everyone: these are the events and projects that GreenUp has organized in Sion since its creation in September 2021.\" \/>\n<meta name=\"robots\" content=\"index, follow, max-snippet:-1, max-image-preview:large, max-video-preview:-1\" \/>\n<link rel=\"canonical\" href=\"https:\/\/green-up.ch\/2022\/07\/15\/less-is-more-in-valais\/\" \/>\n<meta property=\"og:locale\" content=\"fr_FR\" \/>\n<meta property=\"og:type\" content=\"article\" \/>\n<meta property=\"og:title\" content=\"Moins c&#039;est plus en Valais ! | Green Up\" \/>\n<meta property=\"og:description\" content=\"Innovative, positive, short, action-oriented and for everyone: these are the events and projects that GreenUp has organized in Sion since its creation in September 2021.\" \/>\n<meta property=\"og:url\" content=\"https:\/\/green-up.ch\/2022\/07\/15\/less-is-more-in-valais\/\" \/>\n<meta property=\"og:site_name\" content=\"Green Up\" \/>\n<meta property=\"article:publisher\" content=\"https:\/\/m.facebook.com\/greenupswitzerland\" \/>\n<meta property=\"article:published_time\" content=\"2022-07-15T09:37:46+00:00\" \/>\n<meta property=\"article:modified_time\" content=\"2022-10-25T12:03:47+00:00\" \/>\n<meta property=\"og:image\" content=\"https:\/\/green-up.ch\/wp-content\/uploads\/2022\/07\/750_1291.jpg\" \/>\n\t<meta property=\"og:image:width\" content=\"2048\" \/>\n\t<meta property=\"og:image:height\" content=\"1367\" \/>\n\t<meta property=\"og:image:type\" content=\"image\/jpeg\" \/>\n<meta name=\"author\" content=\"Nicole\" \/>\n<meta name=\"twitter:card\" content=\"summary_large_image\" \/>\n<meta name=\"twitter:label1\" content=\"\u00c9crit par\" \/>\n\t<meta name=\"twitter:data1\" content=\"Nicole\" \/>\n\t<meta name=\"twitter:label2\" content=\"Dur\u00e9e de lecture estim\u00e9e\" \/>\n\t<meta name=\"twitter:data2\" content=\"6 minutes\" \/>\n<script type=\"application\/ld+json\" class=\"yoast-schema-graph\">{\"@context\":\"https:\\\/\\\/schema.org\",\"@graph\":[{\"@type\":\"Article\",\"@id\":\"https:\\\/\\\/green-up.ch\\\/2022\\\/07\\\/15\\\/less-is-more-in-valais\\\/#article\",\"isPartOf\":{\"@id\":\"https:\\\/\\\/green-up.ch\\\/2022\\\/07\\\/15\\\/less-is-more-in-valais\\\/\"},\"author\":{\"name\":\"Nicole\",\"@id\":\"https:\\\/\\\/green-up.ch\\\/#\\\/schema\\\/person\\\/96bc3613ab7b4c304aa334dc4f32ec6f\"},\"headline\":\"Moins c&rsquo;est plus en Valais !\",\"datePublished\":\"2022-07-15T09:37:46+00:00\",\"dateModified\":\"2022-10-25T12:03:47+00:00\",\"mainEntityOfPage\":{\"@id\":\"https:\\\/\\\/green-up.ch\\\/2022\\\/07\\\/15\\\/less-is-more-in-valais\\\/\"},\"wordCount\":1221,\"commentCount\":0,\"publisher\":{\"@id\":\"https:\\\/\\\/green-up.ch\\\/#organization\"},\"image\":{\"@id\":\"https:\\\/\\\/green-up.ch\\\/2022\\\/07\\\/15\\\/less-is-more-in-valais\\\/#primaryimage\"},\"thumbnailUrl\":\"https:\\\/\\\/green-up.ch\\\/wp-content\\\/uploads\\\/2022\\\/07\\\/750_1291.jpg\",\"keywords\":[\"circular economy\",\"circularity\",\"environmental\",\"frugality\"],\"articleSection\":[\"G\u00e9n\u00e9ral\"],\"inLanguage\":\"fr-FR\",\"potentialAction\":[{\"@type\":\"CommentAction\",\"name\":\"Comment\",\"target\":[\"https:\\\/\\\/green-up.ch\\\/2022\\\/07\\\/15\\\/less-is-more-in-valais\\\/#respond\"]}]},{\"@type\":\"WebPage\",\"@id\":\"https:\\\/\\\/green-up.ch\\\/2022\\\/07\\\/15\\\/less-is-more-in-valais\\\/\",\"url\":\"https:\\\/\\\/green-up.ch\\\/2022\\\/07\\\/15\\\/less-is-more-in-valais\\\/\",\"name\":\"Moins c'est plus en Valais ! | Green Up\",\"isPartOf\":{\"@id\":\"https:\\\/\\\/green-up.ch\\\/#website\"},\"primaryImageOfPage\":{\"@id\":\"https:\\\/\\\/green-up.ch\\\/2022\\\/07\\\/15\\\/less-is-more-in-valais\\\/#primaryimage\"},\"image\":{\"@id\":\"https:\\\/\\\/green-up.ch\\\/2022\\\/07\\\/15\\\/less-is-more-in-valais\\\/#primaryimage\"},\"thumbnailUrl\":\"https:\\\/\\\/green-up.ch\\\/wp-content\\\/uploads\\\/2022\\\/07\\\/750_1291.jpg\",\"datePublished\":\"2022-07-15T09:37:46+00:00\",\"dateModified\":\"2022-10-25T12:03:47+00:00\",\"description\":\"Innovative, positive, short, action-oriented and for everyone: these are the events and projects that GreenUp has organized in Sion since its creation in September 2021.\",\"breadcrumb\":{\"@id\":\"https:\\\/\\\/green-up.ch\\\/2022\\\/07\\\/15\\\/less-is-more-in-valais\\\/#breadcrumb\"},\"inLanguage\":\"fr-FR\",\"potentialAction\":[{\"@type\":\"ReadAction\",\"target\":[\"https:\\\/\\\/green-up.ch\\\/2022\\\/07\\\/15\\\/less-is-more-in-valais\\\/\"]}]},{\"@type\":\"ImageObject\",\"inLanguage\":\"fr-FR\",\"@id\":\"https:\\\/\\\/green-up.ch\\\/2022\\\/07\\\/15\\\/less-is-more-in-valais\\\/#primaryimage\",\"url\":\"https:\\\/\\\/green-up.ch\\\/wp-content\\\/uploads\\\/2022\\\/07\\\/750_1291.jpg\",\"contentUrl\":\"https:\\\/\\\/green-up.ch\\\/wp-content\\\/uploads\\\/2022\\\/07\\\/750_1291.jpg\",\"width\":2048,\"height\":1367},{\"@type\":\"BreadcrumbList\",\"@id\":\"https:\\\/\\\/green-up.ch\\\/2022\\\/07\\\/15\\\/less-is-more-in-valais\\\/#breadcrumb\",\"itemListElement\":[{\"@type\":\"ListItem\",\"position\":1,\"name\":\"Home\",\"item\":\"https:\\\/\\\/green-up.ch\\\/\"},{\"@type\":\"ListItem\",\"position\":2,\"name\":\"Moins c&rsquo;est plus en Valais !\"}]},{\"@type\":\"WebSite\",\"@id\":\"https:\\\/\\\/green-up.ch\\\/#website\",\"url\":\"https:\\\/\\\/green-up.ch\\\/\",\"name\":\"GreenUp\",\"description\":\"Inspire, collaborate, empower.\",\"publisher\":{\"@id\":\"https:\\\/\\\/green-up.ch\\\/#organization\"},\"potentialAction\":[{\"@type\":\"SearchAction\",\"target\":{\"@type\":\"EntryPoint\",\"urlTemplate\":\"https:\\\/\\\/green-up.ch\\\/?s={search_term_string}\"},\"query-input\":{\"@type\":\"PropertyValueSpecification\",\"valueRequired\":true,\"valueName\":\"search_term_string\"}}],\"inLanguage\":\"fr-FR\"},{\"@type\":\"Organization\",\"@id\":\"https:\\\/\\\/green-up.ch\\\/#organization\",\"name\":\"GreeUp\",\"url\":\"https:\\\/\\\/green-up.ch\\\/\",\"logo\":{\"@type\":\"ImageObject\",\"inLanguage\":\"fr-FR\",\"@id\":\"https:\\\/\\\/green-up.ch\\\/#\\\/schema\\\/logo\\\/image\\\/\",\"url\":\"https:\\\/\\\/green-up.ch\\\/wp-content\\\/uploads\\\/2021\\\/11\\\/greenuplogo_rond.png\",\"contentUrl\":\"https:\\\/\\\/green-up.ch\\\/wp-content\\\/uploads\\\/2021\\\/11\\\/greenuplogo_rond.png\",\"width\":600,\"height\":595,\"caption\":\"GreeUp\"},\"image\":{\"@id\":\"https:\\\/\\\/green-up.ch\\\/#\\\/schema\\\/logo\\\/image\\\/\"},\"sameAs\":[\"https:\\\/\\\/m.facebook.com\\\/greenupswitzerland\",\"https:\\\/\\\/www.instagram.com\\\/greenup.ch\\\/\",\"https:\\\/\\\/www.linkedin.com\\\/company\\\/greenupswitzerland\\\/\"]},{\"@type\":\"Person\",\"@id\":\"https:\\\/\\\/green-up.ch\\\/#\\\/schema\\\/person\\\/96bc3613ab7b4c304aa334dc4f32ec6f\",\"name\":\"Nicole\",\"image\":{\"@type\":\"ImageObject\",\"inLanguage\":\"fr-FR\",\"@id\":\"https:\\\/\\\/secure.gravatar.com\\\/avatar\\\/5557b90d41c7a6762b388c7f6d44095d114d13d304ec05f8c3142ea72c8748dc?s=96&d=mm&r=g\",\"url\":\"https:\\\/\\\/secure.gravatar.com\\\/avatar\\\/5557b90d41c7a6762b388c7f6d44095d114d13d304ec05f8c3142ea72c8748dc?s=96&d=mm&r=g\",\"contentUrl\":\"https:\\\/\\\/secure.gravatar.com\\\/avatar\\\/5557b90d41c7a6762b388c7f6d44095d114d13d304ec05f8c3142ea72c8748dc?s=96&d=mm&r=g\",\"caption\":\"Nicole\"},\"url\":\"https:\\\/\\\/green-up.ch\\\/fr\\\/author\\\/nicole\\\/\"}]}<\/script>\n<!-- \/ Yoast SEO plugin. -->","yoast_head_json":{"title":"Moins c'est plus en Valais ! | Green Up","description":"Innovative, positive, short, action-oriented and for everyone: these are the events and projects that GreenUp has organized in Sion since its creation in September 2021.","robots":{"index":"index","follow":"follow","max-snippet":"max-snippet:-1","max-image-preview":"max-image-preview:large","max-video-preview":"max-video-preview:-1"},"canonical":"https:\/\/green-up.ch\/2022\/07\/15\/less-is-more-in-valais\/","og_locale":"fr_FR","og_type":"article","og_title":"Moins c'est plus en Valais ! | Green Up","og_description":"Innovative, positive, short, action-oriented and for everyone: these are the events and projects that GreenUp has organized in Sion since its creation in September 2021.","og_url":"https:\/\/green-up.ch\/2022\/07\/15\/less-is-more-in-valais\/","og_site_name":"Green Up","article_publisher":"https:\/\/m.facebook.com\/greenupswitzerland","article_published_time":"2022-07-15T09:37:46+00:00","article_modified_time":"2022-10-25T12:03:47+00:00","og_image":[{"width":2048,"height":1367,"url":"https:\/\/green-up.ch\/wp-content\/uploads\/2022\/07\/750_1291.jpg","type":"image\/jpeg"}],"author":"Nicole","twitter_card":"summary_large_image","twitter_misc":{"\u00c9crit par":"Nicole","Dur\u00e9e de lecture estim\u00e9e":"6 minutes"},"schema":{"@context":"https:\/\/schema.org","@graph":[{"@type":"Article","@id":"https:\/\/green-up.ch\/2022\/07\/15\/less-is-more-in-valais\/#article","isPartOf":{"@id":"https:\/\/green-up.ch\/2022\/07\/15\/less-is-more-in-valais\/"},"author":{"name":"Nicole","@id":"https:\/\/green-up.ch\/#\/schema\/person\/96bc3613ab7b4c304aa334dc4f32ec6f"},"headline":"Moins c&rsquo;est plus en Valais !","datePublished":"2022-07-15T09:37:46+00:00","dateModified":"2022-10-25T12:03:47+00:00","mainEntityOfPage":{"@id":"https:\/\/green-up.ch\/2022\/07\/15\/less-is-more-in-valais\/"},"wordCount":1221,"commentCount":0,"publisher":{"@id":"https:\/\/green-up.ch\/#organization"},"image":{"@id":"https:\/\/green-up.ch\/2022\/07\/15\/less-is-more-in-valais\/#primaryimage"},"thumbnailUrl":"https:\/\/green-up.ch\/wp-content\/uploads\/2022\/07\/750_1291.jpg","keywords":["circular economy","circularity","environmental","frugality"],"articleSection":["G\u00e9n\u00e9ral"],"inLanguage":"fr-FR","potentialAction":[{"@type":"CommentAction","name":"Comment","target":["https:\/\/green-up.ch\/2022\/07\/15\/less-is-more-in-valais\/#respond"]}]},{"@type":"WebPage","@id":"https:\/\/green-up.ch\/2022\/07\/15\/less-is-more-in-valais\/","url":"https:\/\/green-up.ch\/2022\/07\/15\/less-is-more-in-valais\/","name":"Moins c'est plus en Valais ! | Green Up","isPartOf":{"@id":"https:\/\/green-up.ch\/#website"},"primaryImageOfPage":{"@id":"https:\/\/green-up.ch\/2022\/07\/15\/less-is-more-in-valais\/#primaryimage"},"image":{"@id":"https:\/\/green-up.ch\/2022\/07\/15\/less-is-more-in-valais\/#primaryimage"},"thumbnailUrl":"https:\/\/green-up.ch\/wp-content\/uploads\/2022\/07\/750_1291.jpg","datePublished":"2022-07-15T09:37:46+00:00","dateModified":"2022-10-25T12:03:47+00:00","description":"Innovative, positive, short, action-oriented and for everyone: these are the events and projects that GreenUp has organized in Sion since its creation in September 2021.","breadcrumb":{"@id":"https:\/\/green-up.ch\/2022\/07\/15\/less-is-more-in-valais\/#breadcrumb"},"inLanguage":"fr-FR","potentialAction":[{"@type":"ReadAction","target":["https:\/\/green-up.ch\/2022\/07\/15\/less-is-more-in-valais\/"]}]},{"@type":"ImageObject","inLanguage":"fr-FR","@id":"https:\/\/green-up.ch\/2022\/07\/15\/less-is-more-in-valais\/#primaryimage","url":"https:\/\/green-up.ch\/wp-content\/uploads\/2022\/07\/750_1291.jpg","contentUrl":"https:\/\/green-up.ch\/wp-content\/uploads\/2022\/07\/750_1291.jpg","width":2048,"height":1367},{"@type":"BreadcrumbList","@id":"https:\/\/green-up.ch\/2022\/07\/15\/less-is-more-in-valais\/#breadcrumb","itemListElement":[{"@type":"ListItem","position":1,"name":"Home","item":"https:\/\/green-up.ch\/"},{"@type":"ListItem","position":2,"name":"Moins c&rsquo;est plus en Valais !"}]},{"@type":"WebSite","@id":"https:\/\/green-up.ch\/#website","url":"https:\/\/green-up.ch\/","name":"GreenUp","description":"Inspire, collaborate, empower.","publisher":{"@id":"https:\/\/green-up.ch\/#organization"},"potentialAction":[{"@type":"SearchAction","target":{"@type":"EntryPoint","urlTemplate":"https:\/\/green-up.ch\/?s={search_term_string}"},"query-input":{"@type":"PropertyValueSpecification","valueRequired":true,"valueName":"search_term_string"}}],"inLanguage":"fr-FR"},{"@type":"Organization","@id":"https:\/\/green-up.ch\/#organization","name":"GreeUp","url":"https:\/\/green-up.ch\/","logo":{"@type":"ImageObject","inLanguage":"fr-FR","@id":"https:\/\/green-up.ch\/#\/schema\/logo\/image\/","url":"https:\/\/green-up.ch\/wp-content\/uploads\/2021\/11\/greenuplogo_rond.png","contentUrl":"https:\/\/green-up.ch\/wp-content\/uploads\/2021\/11\/greenuplogo_rond.png","width":600,"height":595,"caption":"GreeUp"},"image":{"@id":"https:\/\/green-up.ch\/#\/schema\/logo\/image\/"},"sameAs":["https:\/\/m.facebook.com\/greenupswitzerland","https:\/\/www.instagram.com\/greenup.ch\/","https:\/\/www.linkedin.com\/company\/greenupswitzerland\/"]},{"@type":"Person","@id":"https:\/\/green-up.ch\/#\/schema\/person\/96bc3613ab7b4c304aa334dc4f32ec6f","name":"Nicole","image":{"@type":"ImageObject","inLanguage":"fr-FR","@id":"https:\/\/secure.gravatar.com\/avatar\/5557b90d41c7a6762b388c7f6d44095d114d13d304ec05f8c3142ea72c8748dc?s=96&d=mm&r=g","url":"https:\/\/secure.gravatar.com\/avatar\/5557b90d41c7a6762b388c7f6d44095d114d13d304ec05f8c3142ea72c8748dc?s=96&d=mm&r=g","contentUrl":"https:\/\/secure.gravatar.com\/avatar\/5557b90d41c7a6762b388c7f6d44095d114d13d304ec05f8c3142ea72c8748dc?s=96&d=mm&r=g","caption":"Nicole"},"url":"https:\/\/green-up.ch\/fr\/author\/nicole\/"}]}},"_links":{"self":[{"href":"https:\/\/green-up.ch\/fr\/wp-json\/wp\/v2\/posts\/8569","targetHints":{"allow":["GET"]}}],"collection":[{"href":"https:\/\/green-up.ch\/fr\/wp-json\/wp\/v2\/posts"}],"about":[{"href":"https:\/\/green-up.ch\/fr\/wp-json\/wp\/v2\/types\/post"}],"author":[{"embeddable":true,"href":"https:\/\/green-up.ch\/fr\/wp-json\/wp\/v2\/users\/2"}],"replies":[{"embeddable":true,"href":"https:\/\/green-up.ch\/fr\/wp-json\/wp\/v2\/comments?post=8569"}],"version-history":[{"count":8,"href":"https:\/\/green-up.ch\/fr\/wp-json\/wp\/v2\/posts\/8569\/revisions"}],"predecessor-version":[{"id":9653,"href":"https:\/\/green-up.ch\/fr\/wp-json\/wp\/v2\/posts\/8569\/revisions\/9653"}],"wp:featuredmedia":[{"embeddable":true,"href":"https:\/\/green-up.ch\/fr\/wp-json\/wp\/v2\/media\/8520"}],"wp:attachment":[{"href":"https:\/\/green-up.ch\/fr\/wp-json\/wp\/v2\/media?parent=8569"}],"wp:term":[{"taxonomy":"category","embeddable":true,"href":"https:\/\/green-up.ch\/fr\/wp-json\/wp\/v2\/categories?post=8569"},{"taxonomy":"post_tag","embeddable":true,"href":"https:\/\/green-up.ch\/fr\/wp-json\/wp\/v2\/tags?post=8569"}],"curies":[{"name":"wp","href":"https:\/\/api.w.org\/{rel}","templated":true}]}}