{"id":21779,"date":"2025-11-19T19:59:49","date_gmt":"2025-11-19T19:59:49","guid":{"rendered":"https:\/\/green-up.ch\/2025\/11\/19\/locally-grown-food-in-switzerland-how-it-supports-people-and-planet\/"},"modified":"2025-11-24T12:49:47","modified_gmt":"2025-11-24T12:49:47","slug":"locally-grown-food-in-switzerland-how-it-supports-people-and-planet","status":"publish","type":"post","link":"https:\/\/green-up.ch\/fr\/2025\/11\/19\/locally-grown-food-in-switzerland-how-it-supports-people-and-planet\/","title":{"rendered":"Les aliments locaux : comment ils soutiennent les populations et la plan\u00e8te"},"content":{"rendered":"<p>[et_pb_section fb_built=\u00a0\u00bb1&Prime; _builder_version=\u00a0\u00bb4.27.4&Prime; _module_preset=\u00a0\u00bbdefault\u00a0\u00bb global_colors_info=\u00a0\u00bb{}\u00a0\u00bb][et_pb_row _builder_version=\u00a0\u00bb4.27.4&Prime; _module_preset=\u00a0\u00bbdefault\u00a0\u00bb global_colors_info=\u00a0\u00bb{}\u00a0\u00bb][et_pb_column type=\u00a0\u00bb4_4&Prime; _builder_version=\u00a0\u00bb4.27.4&Prime; _module_preset=\u00a0\u00bbdefault\u00a0\u00bb global_colors_info=\u00a0\u00bb{}\u00a0\u00bb][et_pb_text _builder_version=\u00a0\u00bb4.27.4&Prime; _module_preset=\u00a0\u00bbdefault\u00a0\u00bb text_font=\u00a0\u00bb&#8211;et_global_body_font||||||||\u00a0\u00bb hover_enabled=\u00a0\u00bb0&Prime; global_colors_info=\u00a0\u00bb{}\u00a0\u00bb sticky_enabled=\u00a0\u00bb0&Prime;]<\/p>\n<p>Et si vos l\u00e9gumes hebdomadaires avaient un sens ?<\/p>\n<p><\/p>\n<p>Dans toute la Suisse, des centaines de personnes red\u00e9couvrent ce que signifie cultiver ensemble des produits frais.<\/p>\n<p><\/p>\n<p>Ils plantent, r\u00e9coltent et partagent des aliments cultiv\u00e9s localement, directement issus de la terre, reconstruisant ainsi non seulement les syst\u00e8mes alimentaires locaux, mais aussi un sentiment de communaut\u00e9.<\/p>\n<p><\/p>\n<p>Ce mouvement en pleine expansion s&rsquo;appelle l&rsquo;agriculture soutenue par la communaut\u00e9 (ASC) ou, en allemand, Solidarische Landwirtschaft (SOLAWI) ou Regionale Vertragslandwirtschaft (RVL).<\/p>\n<p><\/p>\n<p>Il s&rsquo;agit d&rsquo;un partenariat entre agriculteurs et consommateurs bas\u00e9 sur la solidarit\u00e9, la transparence et le respect de la terre.<\/p>\n<p>[\/et_pb_text][\/et_pb_column][\/et_pb_row][et_pb_row _builder_version=\u00a0\u00bb4.27.4&Prime; _module_preset=\u00a0\u00bbdefault\u00a0\u00bb global_colors_info=\u00a0\u00bb{}\u00a0\u00bb][et_pb_column type=\u00a0\u00bb4_4&Prime; _builder_version=\u00a0\u00bb4.27.4&Prime; _module_preset=\u00a0\u00bbdefault\u00a0\u00bb global_colors_info=\u00a0\u00bb{}\u00a0\u00bb][et_pb_heading title=\u00a0\u00bbQuand l&#039;abondance devient un probl\u00e8me\u00a0\u00bb _builder_version=\u00a0\u00bb4.27.4&Prime; _module_preset=\u00a0\u00bbdefault\u00a0\u00bb title_level=\u00a0\u00bbh2&Prime; title_font_size=\u00a0\u00bb31px\u00a0\u00bb global_colors_info=\u00a0\u00bb{}\u00a0\u00bb][\/et_pb_heading][\/et_pb_column][\/et_pb_row][et_pb_row _builder_version=\u00a0\u00bb4.27.4&Prime; _module_preset=\u00a0\u00bbdefault\u00a0\u00bb global_colors_info=\u00a0\u00bb{}\u00a0\u00bb][et_pb_column type=\u00a0\u00bb4_4&Prime; _builder_version=\u00a0\u00bb4.27.4&Prime; _module_preset=\u00a0\u00bbdefault\u00a0\u00bb global_colors_info=\u00a0\u00bb{}\u00a0\u00bb][et_pb_text _builder_version=\u00a0\u00bb4.27.4&Prime; _module_preset=\u00a0\u00bbdefault\u00a0\u00bb text_font=\u00a0\u00bb&#8211;et_global_body_font||||||||\u00a0\u00bb link_option_url_new_window=\u00a0\u00bbon\u00a0\u00bb global_colors_info=\u00a0\u00bb{}\u00a0\u00bb]<\/p>\n<p>Pendant des d\u00e9cennies, le syst\u00e8me alimentaire mondial s&rsquo;est concentr\u00e9 sur la production : plus de rendement, plus de calories, plus de profits.<\/p>\n<p><\/p>\n<p>La \u00ab r\u00e9volution verte \u00bb a apport\u00e9 les engrais industriels, les pesticides et les cultures \u00e0 haut rendement qui ont nourri des millions de personnes. Mais le prix \u00e0 payer a \u00e9t\u00e9 \u00e9lev\u00e9.<\/p>\n<p><\/p>\n<p>L&rsquo;agriculture industrielle a acc\u00e9l\u00e9r\u00e9 la d\u00e9gradation des sols en les \u00e9puisant par des monocultures intensives, un labour intensif et un recours excessif aux produits chimiques. Au fil du temps, cette combinaison appauvrit les sols en nutriments, perturbe leur structure naturelle et augmente l&rsquo;\u00e9rosion, laissant des terres autrefois fertiles \u00e9puis\u00e9es et beaucoup moins r\u00e9sistantes (<a href=\"https:\/\/www.unep.org\/news-and-stories\/story\/9-ways-food-systems-are-failing-humanity\">UNEP<\/a>).<\/p>\n<p><\/p>\n<p>Cette d\u00e9gradation entra\u00eene \u00e9galement un d\u00e9clin rapide de la biodiversit\u00e9. Aujourd&rsquo;hui, trois cultures seulement \u2014 le riz, le ma\u00efs et le bl\u00e9 \u2014 fournissent 60 % des calories mondiales, \u00e9vin\u00e7ant des milliers d&rsquo;esp\u00e8ces v\u00e9g\u00e9tales indig\u00e8nes et les divers insectes, oiseaux et micro-organismes qui en d\u00e9pendent. En outre, le ruissellement des engrais pollue les rivi\u00e8res et les oc\u00e9ans. L&rsquo;agriculture repr\u00e9sente aujourd&rsquo;hui environ un quart des \u00e9missions mondiales de gaz \u00e0 effet de serre et utilise la moiti\u00e9 des terres habitables de la plan\u00e8te.<\/p>\n<p><\/p>\n<p>Ce syst\u00e8me ne nuit pas seulement \u00e0 la nature, il nuit aussi aux populations. L&rsquo;agriculture industrielle expose les travailleurs et la faune sauvage \u00e0 des toxines, favorise la d\u00e9forestation et alimente la r\u00e9sistance aux antibiotiques. Les agriculteurs ont souvent du mal \u00e0 survivre malgr\u00e9 des r\u00e9coltes record. La nourriture est devenue une marchandise bon march\u00e9, abondante mais d\u00e9connect\u00e9e de son co\u00fbt r\u00e9el.<\/p>\n<p><\/p>\n<p>En bref : notre syst\u00e8me alimentaire nourrit le monde, mais il ne le nourrit pas.<\/p>\n<p>[\/et_pb_text][\/et_pb_column][\/et_pb_row][et_pb_row _builder_version=\u00a0\u00bb4.27.4&Prime; _module_preset=\u00a0\u00bbdefault\u00a0\u00bb global_colors_info=\u00a0\u00bb{}\u00a0\u00bb][et_pb_column type=\u00a0\u00bb4_4&Prime; _builder_version=\u00a0\u00bb4.27.4&Prime; _module_preset=\u00a0\u00bbdefault\u00a0\u00bb global_colors_info=\u00a0\u00bb{}\u00a0\u00bb][et_pb_heading title=\u00a0\u00bbCultiver diff\u00e9remment\u00a0\u00bb _builder_version=\u00a0\u00bb4.27.4&Prime; _module_preset=\u00a0\u00bbdefault\u00a0\u00bb title_level=\u00a0\u00bbh2&Prime; title_font_size=\u00a0\u00bb31px\u00a0\u00bb global_colors_info=\u00a0\u00bb{}\u00a0\u00bb][\/et_pb_heading][\/et_pb_column][\/et_pb_row][et_pb_row column_structure=\u00a0\u00bb2_5,3_5&Prime; _builder_version=\u00a0\u00bb4.27.4&Prime; _module_preset=\u00a0\u00bbdefault\u00a0\u00bb global_colors_info=\u00a0\u00bb{}\u00a0\u00bb][et_pb_column type=\u00a0\u00bb2_5&Prime; _builder_version=\u00a0\u00bb4.27.4&Prime; _module_preset=\u00a0\u00bbdefault\u00a0\u00bb global_colors_info=\u00a0\u00bb{}\u00a0\u00bb][et_pb_image src=\u00a0\u00bbhttps:\/\/green-up.ch\/wp-content\/uploads\/2025\/11\/2.png\u00a0\u00bb alt=\u00a0\u00bbaliments cultiv\u00e9s localement en Suisse\u00a0\u00bb title_text=\u00a0\u00bb2&Prime; _builder_version=\u00a0\u00bb4.27.4&Prime; _module_preset=\u00a0\u00bbdefault\u00a0\u00bb global_colors_info=\u00a0\u00bb{}\u00a0\u00bb][\/et_pb_image][\/et_pb_column][et_pb_column type=\u00a0\u00bb3_5&Prime; _builder_version=\u00a0\u00bb4.27.4&Prime; _module_preset=\u00a0\u00bbdefault\u00a0\u00bb global_colors_info=\u00a0\u00bb{}\u00a0\u00bb][et_pb_text _builder_version=\u00a0\u00bb4.27.4&Prime; _module_preset=\u00a0\u00bbdefault\u00a0\u00bb global_colors_info=\u00a0\u00bb{}\u00a0\u00bb]<\/p>\n<p>L&rsquo;agriculture soutenue par la communaut\u00e9 renverse cette logique.<\/p>\n<p><\/p>\n<p>Au lieu de cha\u00eenes d&rsquo;approvisionnement lointaines et de march\u00e9s anonymes, l&rsquo;ASC \u00e9tablit des partenariats directs entre les agriculteurs et les consommateurs afin que ces derniers puissent facilement avoir acc\u00e8s \u00e0 des aliments cultiv\u00e9s localement. De plus, elle applique des pratiques agricoles r\u00e9g\u00e9n\u00e9ratrices qui prot\u00e8gent les sols et la biodiversit\u00e9 des terres.<\/p>\n<p>[\/et_pb_text][\/et_pb_column][\/et_pb_row][et_pb_row _builder_version=\u00a0\u00bb4.27.4&Prime; _module_preset=\u00a0\u00bbdefault\u00a0\u00bb global_colors_info=\u00a0\u00bb{}\u00a0\u00bb][et_pb_column type=\u00a0\u00bb4_4&Prime; _builder_version=\u00a0\u00bb4.27.4&Prime; _module_preset=\u00a0\u00bbdefault\u00a0\u00bb global_colors_info=\u00a0\u00bb{}\u00a0\u00bb][et_pb_text _builder_version=\u00a0\u00bb4.27.4&Prime; _module_preset=\u00a0\u00bbdefault\u00a0\u00bb text_font=\u00a0\u00bb&#8211;et_global_body_font||||||||\u00a0\u00bb global_colors_info=\u00a0\u00bb{}\u00a0\u00bb]<\/p>\n<p>Les membres versent une contribution fixe au d\u00e9but de la saison, partageant ainsi les risques et les b\u00e9n\u00e9fices de l&rsquo;exploitation agricole. Ils re\u00e7oivent r\u00e9guli\u00e8rement une part des produits frais et de saison, souvent r\u00e9colt\u00e9s le matin m\u00eame. Beaucoup participent \u00e9galement aux journ\u00e9es de plantation, aux f\u00eates des r\u00e9coltes ou \u00e0 des permanences b\u00e9n\u00e9voles.<\/p>\n<p><\/p>\n<p>Il s&rsquo;agit d&rsquo;aliments cultiv\u00e9s localement pour les gens, et non pour les march\u00e9s, un syst\u00e8me fond\u00e9 sur l&rsquo;\u00e9quit\u00e9, la confiance et la transparence.<\/p>\n<p><\/p>\n<p>Les agriculteurs b\u00e9n\u00e9ficient d&rsquo;une s\u00e9curit\u00e9 financi\u00e8re et de la libert\u00e9 de se concentrer sur la sant\u00e9 des sols, la biodiversit\u00e9 et les pratiques \u00e9thiques plut\u00f4t que sur les pressions du march\u00e9. Les consommateurs obtiennent plus que des l\u00e9gumes : ils \u00e9tablissent une relation avec les personnes et les lieux qui les nourrissent.<\/p>\n<p>[\/et_pb_text][\/et_pb_column][\/et_pb_row][et_pb_row _builder_version=\u00a0\u00bb4.27.4&Prime; _module_preset=\u00a0\u00bbdefault\u00a0\u00bb global_colors_info=\u00a0\u00bb{}\u00a0\u00bb][et_pb_column type=\u00a0\u00bb4_4&Prime; _builder_version=\u00a0\u00bb4.27.4&Prime; _module_preset=\u00a0\u00bbdefault\u00a0\u00bb global_colors_info=\u00a0\u00bb{}\u00a0\u00bb][et_pb_heading title=\u00a0\u00bbUn mod\u00e8le o\u00f9 tout le monde est gagnant\u00a0\u00bb _builder_version=\u00a0\u00bb4.27.4&Prime; _module_preset=\u00a0\u00bbdefault\u00a0\u00bb title_level=\u00a0\u00bbh2&Prime; title_font_size=\u00a0\u00bb31px\u00a0\u00bb global_colors_info=\u00a0\u00bb{}\u00a0\u00bb][\/et_pb_heading][\/et_pb_column][\/et_pb_row][et_pb_row _builder_version=\u00a0\u00bb4.27.4&Prime; _module_preset=\u00a0\u00bbdefault\u00a0\u00bb global_colors_info=\u00a0\u00bb{}\u00a0\u00bb][et_pb_column type=\u00a0\u00bb4_4&Prime; _builder_version=\u00a0\u00bb4.27.4&Prime; _module_preset=\u00a0\u00bbdefault\u00a0\u00bb global_colors_info=\u00a0\u00bb{}\u00a0\u00bb][et_pb_text _builder_version=\u00a0\u00bb4.27.4&Prime; _module_preset=\u00a0\u00bbdefault\u00a0\u00bb text_font=\u00a0\u00bb&#8211;et_global_body_font||||||||\u00a0\u00bb global_colors_info=\u00a0\u00bb{}\u00a0\u00bb]<\/p>\n<p>La ASC rend la durabilit\u00e9 accessible \u00e0 tous, litt\u00e9ralement.<\/p>\n<p><\/p>\n<p>En adoptant des m\u00e9thodes biologiques ou r\u00e9g\u00e9n\u00e9ratrices, en r\u00e9duisant les distances de transport des aliments et en \u00e9liminant les emballages, ces fermes restaurent la vie du sol, r\u00e9duisent les \u00e9missions et soutiennent les pollinisateurs et les \u00e9cosyst\u00e8mes locaux.<\/p>\n<p><\/p>\n<p>Pour les participants, c&rsquo;est aussi un moyen de renouer avec la nature dans leur vie quotidienne. Pour les coop\u00e9ratives qui invitent leurs membres \u00e0 mettre la main \u00e0 la p\u00e2te, le travail en plein air r\u00e9duit le stress, am\u00e9liore la sant\u00e9 physique et mentale et permet de red\u00e9couvrir les rythmes saisonniers.<\/p>\n<p><\/p>\n<p>La nourriture passe ainsi d&rsquo;une simple transaction \u00e0 une exp\u00e9rience qui favorise le bien-\u00eatre et renforce les liens communautaires.<\/p>\n<p><\/p>\n<p>L&rsquo;ASC remod\u00e8le \u00e9galement les \u00e9conomies locales. Au lieu de se faire concurrence sur des march\u00e9s volatils, les agriculteurs et les consommateurs co-cr\u00e9ent des cycles alimentaires locaux transparents. C&rsquo;est cela, la r\u00e9silience : non seulement pour les fermes, mais aussi pour l&rsquo;ensemble des communaut\u00e9s.<\/p>\n<p>[\/et_pb_text][\/et_pb_column][\/et_pb_row][et_pb_row _builder_version=\u00a0\u00bb4.27.4&Prime; _module_preset=\u00a0\u00bbdefault\u00a0\u00bb global_colors_info=\u00a0\u00bb{}\u00a0\u00bb][et_pb_column type=\u00a0\u00bb4_4&Prime; _builder_version=\u00a0\u00bb4.27.4&Prime; _module_preset=\u00a0\u00bbdefault\u00a0\u00bb global_colors_info=\u00a0\u00bb{}\u00a0\u00bb][et_pb_heading title=\u00a0\u00bbLe mouvement ASC (SOLAWI) en Suisse\u00a0\u00bb _builder_version=\u00a0\u00bb4.27.4&Prime; _module_preset=\u00a0\u00bbdefault\u00a0\u00bb title_level=\u00a0\u00bbh2&Prime; title_font_size=\u00a0\u00bb31px\u00a0\u00bb global_colors_info=\u00a0\u00bb{}\u00a0\u00bb][\/et_pb_heading][\/et_pb_column][\/et_pb_row][et_pb_row _builder_version=\u00a0\u00bb4.27.4&Prime; _module_preset=\u00a0\u00bbdefault\u00a0\u00bb global_colors_info=\u00a0\u00bb{}\u00a0\u00bb][et_pb_column type=\u00a0\u00bb4_4&Prime; _builder_version=\u00a0\u00bb4.27.4&Prime; _module_preset=\u00a0\u00bbdefault\u00a0\u00bb global_colors_info=\u00a0\u00bb{}\u00a0\u00bb][et_pb_text _builder_version=\u00a0\u00bb4.27.4&Prime; _module_preset=\u00a0\u00bbdefault\u00a0\u00bb global_colors_info=\u00a0\u00bb{}\u00a0\u00bb]<\/p>\n<p>Les premi\u00e8res fermes SOLAWI sont apparues en Suisse \u00e0 la fin des ann\u00e9es 1970, inspir\u00e9es par des mod\u00e8les japonais et am\u00e9ricains. Apr\u00e8s des d\u00e9buts discrets, le mouvement conna\u00eet aujourd&rsquo;hui un nouvel essor, avec une quarantaine d&rsquo;initiatives actives \u00e0 travers le pays.<\/p>\n<p><\/p>\n<p>En voici quelques exemples :<\/p>\n<p><\/p>\n<ul>\n<li><a href=\"https:\/\/www.puraverdura.ch\/\">Pura Verdura<\/a> (Zurich) : plus qu&rsquo;un simple abonnement \u00e0 des l\u00e9gumes, les membres participent \u00e0 la r\u00e9colte, au transport et \u00e0 la planification des cultures, s&rsquo;int\u00e9grant ainsi au rythme de la ferme.<\/li>\n<li><a href=\"https:\/\/solawi-halde.ch\/\">Solawi Halde<\/a> (Altendorf, Zurich) : une ferme biocyclique et v\u00e9g\u00e9talienne, sans tracteurs ni engrais animal, qui mise uniquement sur la r\u00e9g\u00e9n\u00e9ration des sols et les innovations \u00e0 faible impact.<\/li>\n<li><a href=\"https:\/\/mehalsgmues.ch\/\">meh als gm\u00fces<\/a> (Zurich) : une coop\u00e9rative o\u00f9 les membres contribuent \u00e0 hauteur d&rsquo;environ 20 heures de travail par saison et se partagent les r\u00e9coltes hebdomadaires.<\/li>\n<li><a href=\"https:\/\/obermettlen.com\/herbstzeitlose-solidarische-landwirtschaft\">Herbstzeitlosen<\/a> (Obermettlen, Berne) : un mod\u00e8le SOLAWI pour un \u00e9levage \u00e9thique qui renforce les liens entre les producteurs et la communaut\u00e9.<\/li>\n<\/ul>\n<p><\/p>\n<p>Chaque projet est diff\u00e9rent, mais ils partagent tous le m\u00eame principe : lorsque les gens renouent avec la terre, les aliments cultiv\u00e9s localement deviennent une force de r\u00e9g\u00e9n\u00e9ration.<\/p>\n<p>[\/et_pb_text][\/et_pb_column][\/et_pb_row][et_pb_row _builder_version=\u00a0\u00bb4.27.4&Prime; _module_preset=\u00a0\u00bbdefault\u00a0\u00bb global_colors_info=\u00a0\u00bb{}\u00a0\u00bb][et_pb_column type=\u00a0\u00bb4_4&Prime; _builder_version=\u00a0\u00bb4.27.4&Prime; _module_preset=\u00a0\u00bbdefault\u00a0\u00bb global_colors_info=\u00a0\u00bb{}\u00a0\u00bb][et_pb_heading title=\u00a0\u00bbComment participer\u00a0\u00bb _builder_version=\u00a0\u00bb4.27.4&Prime; _module_preset=\u00a0\u00bbdefault\u00a0\u00bb title_level=\u00a0\u00bbh2&Prime; title_font_size=\u00a0\u00bb31px\u00a0\u00bb global_colors_info=\u00a0\u00bb{}\u00a0\u00bb][\/et_pb_heading][\/et_pb_column][\/et_pb_row][et_pb_row _builder_version=\u00a0\u00bb4.27.4&Prime; _module_preset=\u00a0\u00bbdefault\u00a0\u00bb global_colors_info=\u00a0\u00bb{}\u00a0\u00bb][et_pb_column type=\u00a0\u00bb4_4&Prime; _builder_version=\u00a0\u00bb4.27.4&Prime; _module_preset=\u00a0\u00bbdefault\u00a0\u00bb global_colors_info=\u00a0\u00bb{}\u00a0\u00bb][et_pb_text _builder_version=\u00a0\u00bb4.27.4&Prime; _module_preset=\u00a0\u00bbdefault\u00a0\u00bb global_colors_info=\u00a0\u00bb{}\u00a0\u00bb]<\/p>\n<p>Envie de mettre la main \u00e0 la p\u00e2te ? Voici quelques id\u00e9es pour commencer :<\/p>\n<p><\/p>\n<p>\ud83c\udf31 <strong>Rejoins ou soutiens une association SOLAWI locale ou un jardin communautaire<\/strong><\/p>\n<p><\/p>\n<p>Trouve une initiative pr\u00e8s de chez toi et inscris-toi comme membre. Tu peux \u00e9galement te porter volontaire pour une journ\u00e9e de plantation. Souvent, les communes m\u00e8nent \u00e9galement leurs propres projets de jardinage. Renseignez-vous aupr\u00e8s de votre administration communale pour conna\u00eetre les jardins communautaires de votre r\u00e9gion.<\/p>\n<p>[\/et_pb_text][\/et_pb_column][\/et_pb_row][et_pb_row column_structure=\u00a0\u00bb1_2,1_2&Prime; _builder_version=\u00a0\u00bb4.27.4&Prime; _module_preset=\u00a0\u00bbdefault\u00a0\u00bb global_colors_info=\u00a0\u00bb{}\u00a0\u00bb][et_pb_column type=\u00a0\u00bb1_2&Prime; _builder_version=\u00a0\u00bb4.27.4&Prime; _module_preset=\u00a0\u00bbdefault\u00a0\u00bb global_colors_info=\u00a0\u00bb{}\u00a0\u00bb][et_pb_image src=\u00a0\u00bbhttps:\/\/green-up.ch\/wp-content\/uploads\/2025\/11\/3-Gartenkurs-980&#215;980-1.jpg\u00a0\u00bb alt=\u00a0\u00bbaliments cultiv\u00e9s localement en Suisse\u00a0\u00bb title_text=\u00a0\u00bb3 Gartenkurs-980&#215;980&Prime; _builder_version=\u00a0\u00bb4.27.4&Prime; _module_preset=\u00a0\u00bbdefault\u00a0\u00bb global_colors_info=\u00a0\u00bb{}\u00a0\u00bb][\/et_pb_image][\/et_pb_column][et_pb_column type=\u00a0\u00bb1_2&Prime; _builder_version=\u00a0\u00bb4.27.4&Prime; _module_preset=\u00a0\u00bbdefault\u00a0\u00bb global_colors_info=\u00a0\u00bb{}\u00a0\u00bb][et_pb_text _builder_version=\u00a0\u00bb4.27.4&Prime; _module_preset=\u00a0\u00bbdefault\u00a0\u00bb global_colors_info=\u00a0\u00bb{}\u00a0\u00bb]<\/p>\n<p>Si tu es \u00e0 Davos, n&rsquo;h\u00e9site pas \u00e0 nous contacter ! Nous menons plusieurs initiatives dans ce domaine, telles que :<\/p>\n<p><\/p>\n<ul>\n<li>Un potager biologique et des cours<\/li>\n<li>Un projet de compostage et de d\u00e9chets organiques<\/li>\n<li>Des ateliers dans le cadre du programme touristique de Davos, qui comprennent la cueillette, la fermentation et d&rsquo;autres activit\u00e9s<\/li>\n<li>Un mini-jardin alpin au mus\u00e9e Kirchner<\/li>\n<\/ul>\n<p><\/p>\n<p>Tu trouveras plus d&rsquo;informations <a href=\"https:\/\/green-up.ch\/fr\/project\/green-hub-davos\/\">ici<\/a>.<\/p>\n<p>[\/et_pb_text][\/et_pb_column][\/et_pb_row][et_pb_row _builder_version=\u00a0\u00bb4.27.4&Prime; _module_preset=\u00a0\u00bbdefault\u00a0\u00bb global_colors_info=\u00a0\u00bb{}\u00a0\u00bb][et_pb_column type=\u00a0\u00bb4_4&Prime; _builder_version=\u00a0\u00bb4.27.4&Prime; _module_preset=\u00a0\u00bbdefault\u00a0\u00bb global_colors_info=\u00a0\u00bb{}\u00a0\u00bb][et_pb_text _builder_version=\u00a0\u00bb4.27.4&Prime; _module_preset=\u00a0\u00bbdefault\u00a0\u00bb global_colors_info=\u00a0\u00bb{}\u00a0\u00bb]<\/p>\n<p><strong>Cueillette libre<\/strong><br \/>Essaie l&rsquo;une des fermes suisses proposant la cueillette libre pour renouer avec la production alimentaire :<\/p>\n<p><\/p>\n<ul>\n<li><a href=\"https:\/\/freizeit.ch\/\">freizeit.ch<\/a> \u2013 Cueillette libre de baies et l\u00e9gumes<\/li>\n<li><a href=\"https:\/\/selberpfluecken.ch\/\">selberpfluecken.ch<\/a><\/li>\n<\/ul>\n<p><\/p>\n<p><strong>Ach\u00e8te local<\/strong><br \/>Soutiens les magasins \u00e0 la ferme et les abonnements \u00e0 des paniers de l\u00e9gumes tels que :<\/p>\n<p><\/p>\n<ul>\n<li><a href=\"https:\/\/solawi-halde.ch\/\">Solawi Halde<\/a> \u2013 Zurich, W\u00e4denswil, Rapperswil, Glaris<\/li>\n<li><a href=\"https:\/\/uglyfruits.ch\/de\">Uglyfruits<\/a> \u2013 livraison dans tout le pays de fruits et l\u00e9gumes bio<\/li>\n<li><a href=\"https:\/\/biogmuesabo.ch\/\">Biogm\u00fces-Abo<\/a> \u2013 Berne, Soleure, Morat<\/li>\n<li><a href=\"https:\/\/biobouquet.ch\/\">Bio Bouquet<\/a> \u2013 Zurich, B\u00e2le, Berne, Soleure<\/li>\n<\/ul>\n<p><\/p>\n<p><strong>Commencer petit<\/strong><br \/>Faites pousser des herbes aromatiques ou des tomates sur votre balcon \u2013 m\u00eame les petits potagers nous reconnectent aux cycles de l&rsquo;entretien et de la patience.<\/p>\n<p>[\/et_pb_text][\/et_pb_column][\/et_pb_row][et_pb_row _builder_version=\u00a0\u00bb4.27.4&Prime; _module_preset=\u00a0\u00bbdefault\u00a0\u00bb global_colors_info=\u00a0\u00bb{}\u00a0\u00bb][et_pb_column type=\u00a0\u00bb4_4&Prime; _builder_version=\u00a0\u00bb4.27.4&Prime; _module_preset=\u00a0\u00bbdefault\u00a0\u00bb global_colors_info=\u00a0\u00bb{}\u00a0\u00bb][et_pb_heading title=\u00a0\u00bbCultiver des aliments, cultiver des liens\u00a0\u00bb _builder_version=\u00a0\u00bb4.27.4&Prime; _module_preset=\u00a0\u00bbdefault\u00a0\u00bb title_level=\u00a0\u00bbh2&Prime; title_font_size=\u00a0\u00bb31px\u00a0\u00bb global_colors_info=\u00a0\u00bb{}\u00a0\u00bb][\/et_pb_heading][et_pb_text _builder_version=\u00a0\u00bb4.27.4&Prime; _module_preset=\u00a0\u00bbdefault\u00a0\u00bb global_colors_info=\u00a0\u00bb{}\u00a0\u00bb]<\/p>\n<p>L&rsquo;agriculture soutenue par la communaut\u00e9 nous rappelle que la nourriture peut \u00eatre plus qu&rsquo;un simple produit : elle peut \u00eatre une relation.<\/p>\n<p><\/p>\n<p>Chaque r\u00e9colte partag\u00e9e renforce la confiance, la r\u00e9silience et le sentiment d&rsquo;appartenance.<\/p>\n<p><\/p>\n<p>Lorsque nous cultivons ensemble des aliments localement, nous cultivons quelque chose de bien plus grand : une culture du soin, pour nous-m\u00eames, pour les autres et pour la plan\u00e8te.<\/p>\n<p>[\/et_pb_text][\/et_pb_column][\/et_pb_row][\/et_pb_section]<\/p>\n","protected":false},"excerpt":{"rendered":"<p>Et si vos l\u00e9gumes hebdomadaires avaient un sens ?Dans toute la Suisse, des centaines de personnes red\u00e9couvrent ce que signifie cultiver ensemble des produits frais.Ils plantent, r\u00e9coltent et partagent des [&hellip;]<\/p>\n","protected":false},"author":25,"featured_media":21661,"comment_status":"open","ping_status":"open","sticky":false,"template":"","format":"standard","meta":{"_et_pb_use_builder":"on","_et_pb_old_content":"","_et_gb_content_width":"","footnotes":""},"categories":[119],"tags":[377,375,376],"class_list":["post-21779","post","type-post","status-publish","format-standard","has-post-thumbnail","hentry","category-general-fr","tag-community-supported-agriculture","tag-food-sustainability","tag-regenerative-agriculture"],"yoast_head":"<!-- This site is optimized with the Yoast SEO plugin v27.4 - https:\/\/yoast.com\/product\/yoast-seo-wordpress\/ -->\n<title>Les aliments locaux : comment ils soutiennent les populations et la plan\u00e8te | Green Up<\/title>\n<meta name=\"description\" content=\"D\u00e9couvre comment les fermes soutenues par la communaut\u00e9 \u00e0 travers la Suisse restaurent la nature et les liens avec les aliments cultiv\u00e9s localement.\" \/>\n<meta name=\"robots\" content=\"index, follow, max-snippet:-1, max-image-preview:large, max-video-preview:-1\" \/>\n<link rel=\"canonical\" href=\"https:\/\/green-up.ch\/2025\/11\/17\/locally-grown-food-in-switzerland-how-it-supports-people-and-planet\/\" \/>\n<meta property=\"og:locale\" content=\"fr_FR\" \/>\n<meta property=\"og:type\" content=\"article\" \/>\n<meta property=\"og:title\" content=\"Les aliments locaux : comment ils soutiennent les populations et la plan\u00e8te | Green Up\" \/>\n<meta property=\"og:description\" content=\"D\u00e9couvre comment les fermes soutenues par la communaut\u00e9 \u00e0 travers la Suisse restaurent la nature et les liens avec les aliments cultiv\u00e9s localement.\" \/>\n<meta property=\"og:url\" content=\"https:\/\/green-up.ch\/2025\/11\/17\/locally-grown-food-in-switzerland-how-it-supports-people-and-planet\/\" \/>\n<meta property=\"og:site_name\" content=\"Green Up\" \/>\n<meta property=\"article:publisher\" content=\"https:\/\/m.facebook.com\/greenupswitzerland\" \/>\n<meta property=\"article:published_time\" content=\"2025-11-19T19:59:49+00:00\" \/>\n<meta property=\"article:modified_time\" content=\"2025-11-24T12:49:47+00:00\" \/>\n<meta property=\"og:image\" content=\"https:\/\/green-up.ch\/wp-content\/uploads\/2025\/11\/1.png\" \/>\n\t<meta property=\"og:image:width\" content=\"900\" \/>\n\t<meta property=\"og:image:height\" content=\"473\" \/>\n\t<meta property=\"og:image:type\" content=\"image\/png\" \/>\n<meta name=\"author\" content=\"Katja\" \/>\n<meta name=\"twitter:card\" content=\"summary_large_image\" \/>\n<meta name=\"twitter:label1\" content=\"\u00c9crit par\" \/>\n\t<meta name=\"twitter:data1\" content=\"Katja\" \/>\n\t<meta name=\"twitter:label2\" content=\"Dur\u00e9e de lecture estim\u00e9e\" \/>\n\t<meta name=\"twitter:data2\" content=\"11 minutes\" \/>\n<script type=\"application\/ld+json\" class=\"yoast-schema-graph\">{\"@context\":\"https:\\\/\\\/schema.org\",\"@graph\":[{\"@type\":\"Article\",\"@id\":\"https:\\\/\\\/green-up.ch\\\/2025\\\/11\\\/17\\\/locally-grown-food-in-switzerland-how-it-supports-people-and-planet\\\/#article\",\"isPartOf\":{\"@id\":\"https:\\\/\\\/green-up.ch\\\/2025\\\/11\\\/17\\\/locally-grown-food-in-switzerland-how-it-supports-people-and-planet\\\/\"},\"author\":{\"name\":\"Katja\",\"@id\":\"https:\\\/\\\/green-up.ch\\\/#\\\/schema\\\/person\\\/4dd0ef25015aec4b09489d0bc757a8e0\"},\"headline\":\"Les aliments locaux : comment ils soutiennent les populations et la plan\u00e8te\",\"datePublished\":\"2025-11-19T19:59:49+00:00\",\"dateModified\":\"2025-11-24T12:49:47+00:00\",\"mainEntityOfPage\":{\"@id\":\"https:\\\/\\\/green-up.ch\\\/2025\\\/11\\\/17\\\/locally-grown-food-in-switzerland-how-it-supports-people-and-planet\\\/\"},\"wordCount\":2220,\"commentCount\":0,\"publisher\":{\"@id\":\"https:\\\/\\\/green-up.ch\\\/#organization\"},\"image\":{\"@id\":\"https:\\\/\\\/green-up.ch\\\/2025\\\/11\\\/17\\\/locally-grown-food-in-switzerland-how-it-supports-people-and-planet\\\/#primaryimage\"},\"thumbnailUrl\":\"https:\\\/\\\/green-up.ch\\\/wp-content\\\/uploads\\\/2025\\\/11\\\/1.png\",\"keywords\":[\"community supported agriculture\",\"food sustainability\",\"regenerative agriculture\"],\"articleSection\":[\"G\u00e9n\u00e9ral\"],\"inLanguage\":\"fr-FR\",\"potentialAction\":[{\"@type\":\"CommentAction\",\"name\":\"Comment\",\"target\":[\"https:\\\/\\\/green-up.ch\\\/2025\\\/11\\\/17\\\/locally-grown-food-in-switzerland-how-it-supports-people-and-planet\\\/#respond\"]}]},{\"@type\":\"WebPage\",\"@id\":\"https:\\\/\\\/green-up.ch\\\/2025\\\/11\\\/17\\\/locally-grown-food-in-switzerland-how-it-supports-people-and-planet\\\/\",\"url\":\"https:\\\/\\\/green-up.ch\\\/2025\\\/11\\\/17\\\/locally-grown-food-in-switzerland-how-it-supports-people-and-planet\\\/\",\"name\":\"Les aliments locaux : comment ils soutiennent les populations et la plan\u00e8te | Green Up\",\"isPartOf\":{\"@id\":\"https:\\\/\\\/green-up.ch\\\/#website\"},\"primaryImageOfPage\":{\"@id\":\"https:\\\/\\\/green-up.ch\\\/2025\\\/11\\\/17\\\/locally-grown-food-in-switzerland-how-it-supports-people-and-planet\\\/#primaryimage\"},\"image\":{\"@id\":\"https:\\\/\\\/green-up.ch\\\/2025\\\/11\\\/17\\\/locally-grown-food-in-switzerland-how-it-supports-people-and-planet\\\/#primaryimage\"},\"thumbnailUrl\":\"https:\\\/\\\/green-up.ch\\\/wp-content\\\/uploads\\\/2025\\\/11\\\/1.png\",\"datePublished\":\"2025-11-19T19:59:49+00:00\",\"dateModified\":\"2025-11-24T12:49:47+00:00\",\"description\":\"D\u00e9couvre comment les fermes soutenues par la communaut\u00e9 \u00e0 travers la Suisse restaurent la nature et les liens avec les aliments cultiv\u00e9s localement.\",\"breadcrumb\":{\"@id\":\"https:\\\/\\\/green-up.ch\\\/2025\\\/11\\\/17\\\/locally-grown-food-in-switzerland-how-it-supports-people-and-planet\\\/#breadcrumb\"},\"inLanguage\":\"fr-FR\",\"potentialAction\":[{\"@type\":\"ReadAction\",\"target\":[\"https:\\\/\\\/green-up.ch\\\/2025\\\/11\\\/17\\\/locally-grown-food-in-switzerland-how-it-supports-people-and-planet\\\/\"]}]},{\"@type\":\"ImageObject\",\"inLanguage\":\"fr-FR\",\"@id\":\"https:\\\/\\\/green-up.ch\\\/2025\\\/11\\\/17\\\/locally-grown-food-in-switzerland-how-it-supports-people-and-planet\\\/#primaryimage\",\"url\":\"https:\\\/\\\/green-up.ch\\\/wp-content\\\/uploads\\\/2025\\\/11\\\/1.png\",\"contentUrl\":\"https:\\\/\\\/green-up.ch\\\/wp-content\\\/uploads\\\/2025\\\/11\\\/1.png\",\"width\":900,\"height\":473},{\"@type\":\"BreadcrumbList\",\"@id\":\"https:\\\/\\\/green-up.ch\\\/2025\\\/11\\\/17\\\/locally-grown-food-in-switzerland-how-it-supports-people-and-planet\\\/#breadcrumb\",\"itemListElement\":[{\"@type\":\"ListItem\",\"position\":1,\"name\":\"Home\",\"item\":\"https:\\\/\\\/green-up.ch\\\/\"},{\"@type\":\"ListItem\",\"position\":2,\"name\":\"Les aliments locaux : comment ils soutiennent les populations et la plan\u00e8te\"}]},{\"@type\":\"WebSite\",\"@id\":\"https:\\\/\\\/green-up.ch\\\/#website\",\"url\":\"https:\\\/\\\/green-up.ch\\\/\",\"name\":\"GreenUp\",\"description\":\"Inspire, collaborate, empower.\",\"publisher\":{\"@id\":\"https:\\\/\\\/green-up.ch\\\/#organization\"},\"potentialAction\":[{\"@type\":\"SearchAction\",\"target\":{\"@type\":\"EntryPoint\",\"urlTemplate\":\"https:\\\/\\\/green-up.ch\\\/?s={search_term_string}\"},\"query-input\":{\"@type\":\"PropertyValueSpecification\",\"valueRequired\":true,\"valueName\":\"search_term_string\"}}],\"inLanguage\":\"fr-FR\"},{\"@type\":\"Organization\",\"@id\":\"https:\\\/\\\/green-up.ch\\\/#organization\",\"name\":\"GreeUp\",\"url\":\"https:\\\/\\\/green-up.ch\\\/\",\"logo\":{\"@type\":\"ImageObject\",\"inLanguage\":\"fr-FR\",\"@id\":\"https:\\\/\\\/green-up.ch\\\/#\\\/schema\\\/logo\\\/image\\\/\",\"url\":\"https:\\\/\\\/green-up.ch\\\/wp-content\\\/uploads\\\/2021\\\/11\\\/greenuplogo_rond.png\",\"contentUrl\":\"https:\\\/\\\/green-up.ch\\\/wp-content\\\/uploads\\\/2021\\\/11\\\/greenuplogo_rond.png\",\"width\":600,\"height\":595,\"caption\":\"GreeUp\"},\"image\":{\"@id\":\"https:\\\/\\\/green-up.ch\\\/#\\\/schema\\\/logo\\\/image\\\/\"},\"sameAs\":[\"https:\\\/\\\/m.facebook.com\\\/greenupswitzerland\",\"https:\\\/\\\/www.instagram.com\\\/greenup.ch\\\/\",\"https:\\\/\\\/www.linkedin.com\\\/company\\\/greenupswitzerland\\\/\"]},{\"@type\":\"Person\",\"@id\":\"https:\\\/\\\/green-up.ch\\\/#\\\/schema\\\/person\\\/4dd0ef25015aec4b09489d0bc757a8e0\",\"name\":\"Katja\",\"image\":{\"@type\":\"ImageObject\",\"inLanguage\":\"fr-FR\",\"@id\":\"https:\\\/\\\/secure.gravatar.com\\\/avatar\\\/4e3bf3d193dd03b564ad405eaa9e9408a6f79b95e5895bd1922f78349900a229?s=96&d=mm&r=g\",\"url\":\"https:\\\/\\\/secure.gravatar.com\\\/avatar\\\/4e3bf3d193dd03b564ad405eaa9e9408a6f79b95e5895bd1922f78349900a229?s=96&d=mm&r=g\",\"contentUrl\":\"https:\\\/\\\/secure.gravatar.com\\\/avatar\\\/4e3bf3d193dd03b564ad405eaa9e9408a6f79b95e5895bd1922f78349900a229?s=96&d=mm&r=g\",\"caption\":\"Katja\"},\"url\":\"https:\\\/\\\/green-up.ch\\\/fr\\\/author\\\/katja\\\/\"}]}<\/script>\n<!-- \/ Yoast SEO plugin. -->","yoast_head_json":{"title":"Les aliments locaux : comment ils soutiennent les populations et la plan\u00e8te | Green Up","description":"D\u00e9couvre comment les fermes soutenues par la communaut\u00e9 \u00e0 travers la Suisse restaurent la nature et les liens avec les aliments cultiv\u00e9s localement.","robots":{"index":"index","follow":"follow","max-snippet":"max-snippet:-1","max-image-preview":"max-image-preview:large","max-video-preview":"max-video-preview:-1"},"canonical":"https:\/\/green-up.ch\/2025\/11\/17\/locally-grown-food-in-switzerland-how-it-supports-people-and-planet\/","og_locale":"fr_FR","og_type":"article","og_title":"Les aliments locaux : comment ils soutiennent les populations et la plan\u00e8te | Green Up","og_description":"D\u00e9couvre comment les fermes soutenues par la communaut\u00e9 \u00e0 travers la Suisse restaurent la nature et les liens avec les aliments cultiv\u00e9s localement.","og_url":"https:\/\/green-up.ch\/2025\/11\/17\/locally-grown-food-in-switzerland-how-it-supports-people-and-planet\/","og_site_name":"Green Up","article_publisher":"https:\/\/m.facebook.com\/greenupswitzerland","article_published_time":"2025-11-19T19:59:49+00:00","article_modified_time":"2025-11-24T12:49:47+00:00","og_image":[{"width":900,"height":473,"url":"https:\/\/green-up.ch\/wp-content\/uploads\/2025\/11\/1.png","type":"image\/png"}],"author":"Katja","twitter_card":"summary_large_image","twitter_misc":{"\u00c9crit par":"Katja","Dur\u00e9e de lecture estim\u00e9e":"11 minutes"},"schema":{"@context":"https:\/\/schema.org","@graph":[{"@type":"Article","@id":"https:\/\/green-up.ch\/2025\/11\/17\/locally-grown-food-in-switzerland-how-it-supports-people-and-planet\/#article","isPartOf":{"@id":"https:\/\/green-up.ch\/2025\/11\/17\/locally-grown-food-in-switzerland-how-it-supports-people-and-planet\/"},"author":{"name":"Katja","@id":"https:\/\/green-up.ch\/#\/schema\/person\/4dd0ef25015aec4b09489d0bc757a8e0"},"headline":"Les aliments locaux : comment ils soutiennent les populations et la plan\u00e8te","datePublished":"2025-11-19T19:59:49+00:00","dateModified":"2025-11-24T12:49:47+00:00","mainEntityOfPage":{"@id":"https:\/\/green-up.ch\/2025\/11\/17\/locally-grown-food-in-switzerland-how-it-supports-people-and-planet\/"},"wordCount":2220,"commentCount":0,"publisher":{"@id":"https:\/\/green-up.ch\/#organization"},"image":{"@id":"https:\/\/green-up.ch\/2025\/11\/17\/locally-grown-food-in-switzerland-how-it-supports-people-and-planet\/#primaryimage"},"thumbnailUrl":"https:\/\/green-up.ch\/wp-content\/uploads\/2025\/11\/1.png","keywords":["community supported agriculture","food sustainability","regenerative agriculture"],"articleSection":["G\u00e9n\u00e9ral"],"inLanguage":"fr-FR","potentialAction":[{"@type":"CommentAction","name":"Comment","target":["https:\/\/green-up.ch\/2025\/11\/17\/locally-grown-food-in-switzerland-how-it-supports-people-and-planet\/#respond"]}]},{"@type":"WebPage","@id":"https:\/\/green-up.ch\/2025\/11\/17\/locally-grown-food-in-switzerland-how-it-supports-people-and-planet\/","url":"https:\/\/green-up.ch\/2025\/11\/17\/locally-grown-food-in-switzerland-how-it-supports-people-and-planet\/","name":"Les aliments locaux : comment ils soutiennent les populations et la plan\u00e8te | Green Up","isPartOf":{"@id":"https:\/\/green-up.ch\/#website"},"primaryImageOfPage":{"@id":"https:\/\/green-up.ch\/2025\/11\/17\/locally-grown-food-in-switzerland-how-it-supports-people-and-planet\/#primaryimage"},"image":{"@id":"https:\/\/green-up.ch\/2025\/11\/17\/locally-grown-food-in-switzerland-how-it-supports-people-and-planet\/#primaryimage"},"thumbnailUrl":"https:\/\/green-up.ch\/wp-content\/uploads\/2025\/11\/1.png","datePublished":"2025-11-19T19:59:49+00:00","dateModified":"2025-11-24T12:49:47+00:00","description":"D\u00e9couvre comment les fermes soutenues par la communaut\u00e9 \u00e0 travers la Suisse restaurent la nature et les liens avec les aliments cultiv\u00e9s localement.","breadcrumb":{"@id":"https:\/\/green-up.ch\/2025\/11\/17\/locally-grown-food-in-switzerland-how-it-supports-people-and-planet\/#breadcrumb"},"inLanguage":"fr-FR","potentialAction":[{"@type":"ReadAction","target":["https:\/\/green-up.ch\/2025\/11\/17\/locally-grown-food-in-switzerland-how-it-supports-people-and-planet\/"]}]},{"@type":"ImageObject","inLanguage":"fr-FR","@id":"https:\/\/green-up.ch\/2025\/11\/17\/locally-grown-food-in-switzerland-how-it-supports-people-and-planet\/#primaryimage","url":"https:\/\/green-up.ch\/wp-content\/uploads\/2025\/11\/1.png","contentUrl":"https:\/\/green-up.ch\/wp-content\/uploads\/2025\/11\/1.png","width":900,"height":473},{"@type":"BreadcrumbList","@id":"https:\/\/green-up.ch\/2025\/11\/17\/locally-grown-food-in-switzerland-how-it-supports-people-and-planet\/#breadcrumb","itemListElement":[{"@type":"ListItem","position":1,"name":"Home","item":"https:\/\/green-up.ch\/"},{"@type":"ListItem","position":2,"name":"Les aliments locaux : comment ils soutiennent les populations et la plan\u00e8te"}]},{"@type":"WebSite","@id":"https:\/\/green-up.ch\/#website","url":"https:\/\/green-up.ch\/","name":"GreenUp","description":"Inspire, collaborate, empower.","publisher":{"@id":"https:\/\/green-up.ch\/#organization"},"potentialAction":[{"@type":"SearchAction","target":{"@type":"EntryPoint","urlTemplate":"https:\/\/green-up.ch\/?s={search_term_string}"},"query-input":{"@type":"PropertyValueSpecification","valueRequired":true,"valueName":"search_term_string"}}],"inLanguage":"fr-FR"},{"@type":"Organization","@id":"https:\/\/green-up.ch\/#organization","name":"GreeUp","url":"https:\/\/green-up.ch\/","logo":{"@type":"ImageObject","inLanguage":"fr-FR","@id":"https:\/\/green-up.ch\/#\/schema\/logo\/image\/","url":"https:\/\/green-up.ch\/wp-content\/uploads\/2021\/11\/greenuplogo_rond.png","contentUrl":"https:\/\/green-up.ch\/wp-content\/uploads\/2021\/11\/greenuplogo_rond.png","width":600,"height":595,"caption":"GreeUp"},"image":{"@id":"https:\/\/green-up.ch\/#\/schema\/logo\/image\/"},"sameAs":["https:\/\/m.facebook.com\/greenupswitzerland","https:\/\/www.instagram.com\/greenup.ch\/","https:\/\/www.linkedin.com\/company\/greenupswitzerland\/"]},{"@type":"Person","@id":"https:\/\/green-up.ch\/#\/schema\/person\/4dd0ef25015aec4b09489d0bc757a8e0","name":"Katja","image":{"@type":"ImageObject","inLanguage":"fr-FR","@id":"https:\/\/secure.gravatar.com\/avatar\/4e3bf3d193dd03b564ad405eaa9e9408a6f79b95e5895bd1922f78349900a229?s=96&d=mm&r=g","url":"https:\/\/secure.gravatar.com\/avatar\/4e3bf3d193dd03b564ad405eaa9e9408a6f79b95e5895bd1922f78349900a229?s=96&d=mm&r=g","contentUrl":"https:\/\/secure.gravatar.com\/avatar\/4e3bf3d193dd03b564ad405eaa9e9408a6f79b95e5895bd1922f78349900a229?s=96&d=mm&r=g","caption":"Katja"},"url":"https:\/\/green-up.ch\/fr\/author\/katja\/"}]}},"_links":{"self":[{"href":"https:\/\/green-up.ch\/fr\/wp-json\/wp\/v2\/posts\/21779","targetHints":{"allow":["GET"]}}],"collection":[{"href":"https:\/\/green-up.ch\/fr\/wp-json\/wp\/v2\/posts"}],"about":[{"href":"https:\/\/green-up.ch\/fr\/wp-json\/wp\/v2\/types\/post"}],"author":[{"embeddable":true,"href":"https:\/\/green-up.ch\/fr\/wp-json\/wp\/v2\/users\/25"}],"replies":[{"embeddable":true,"href":"https:\/\/green-up.ch\/fr\/wp-json\/wp\/v2\/comments?post=21779"}],"version-history":[{"count":11,"href":"https:\/\/green-up.ch\/fr\/wp-json\/wp\/v2\/posts\/21779\/revisions"}],"predecessor-version":[{"id":21853,"href":"https:\/\/green-up.ch\/fr\/wp-json\/wp\/v2\/posts\/21779\/revisions\/21853"}],"wp:featuredmedia":[{"embeddable":true,"href":"https:\/\/green-up.ch\/fr\/wp-json\/wp\/v2\/media\/21661"}],"wp:attachment":[{"href":"https:\/\/green-up.ch\/fr\/wp-json\/wp\/v2\/media?parent=21779"}],"wp:term":[{"taxonomy":"category","embeddable":true,"href":"https:\/\/green-up.ch\/fr\/wp-json\/wp\/v2\/categories?post=21779"},{"taxonomy":"post_tag","embeddable":true,"href":"https:\/\/green-up.ch\/fr\/wp-json\/wp\/v2\/tags?post=21779"}],"curies":[{"name":"wp","href":"https:\/\/api.w.org\/{rel}","templated":true}]}}